{"id":12793,"date":"2022-04-19T19:53:56","date_gmt":"2022-04-19T19:53:56","guid":{"rendered":"https:\/\/oma-liese.com\/?p=12793"},"modified":"2022-05-24T18:52:57","modified_gmt":"2022-05-24T18:52:57","slug":"roma","status":"publish","type":"post","link":"https:\/\/oma-liese.com\/?p=12793","title":{"rendered":"Roma"},"content":{"rendered":"\n<p>Jede Menge Platz hat unser Womo auf seinem Stellplatz in Rom. Ein eigener Baum macht es m\u00f6glich, uns vollsonnig oder schattig zum Fr\u00fchst\u00fcck niederlassen zu k\u00f6nnen.<\/p>\n\n\n\n<p>In Ercolano h\u00e4tten sicher drei Womos Platz auf dieser Parzelle gefunden.<\/p>\n\n\n\n<p>Ein kleiner gr\u00fcner Schreihals hat die Begr\u00fc\u00dfung \u00fcbernommen. Mal sehen, ob ich ihn vielleicht morgen ablichten kann.<\/p>\n\n\n\n<figure class=\"wp-block-image size-large\"><img loading=\"lazy\" decoding=\"async\" width=\"1024\" height=\"683\" src=\"https:\/\/oma-liese.com\/wp-content\/uploads\/2022\/04\/DSC03342.jpg\" alt=\"\" class=\"wp-image-12776\" srcset=\"https:\/\/oma-liese.com\/wp-content\/uploads\/2022\/04\/DSC03342.jpg 1024w, https:\/\/oma-liese.com\/wp-content\/uploads\/2022\/04\/DSC03342-300x200.jpg 300w, https:\/\/oma-liese.com\/wp-content\/uploads\/2022\/04\/DSC03342-768x512.jpg 768w\" sizes=\"auto, (max-width: 767px) 89vw, (max-width: 1000px) 54vw, (max-width: 1071px) 543px, 580px\" \/><\/figure>\n\n\n\n<p>Nach einer wegen hohen Verkehrsaufkommens l\u00e4nger geratenen Anreise als geplant machen wir uns gleich mal auf in die Innenstadt, um uns einen groben \u00dcberblick zu verschaffen.<\/p>\n\n\n\n<p>Das erste Motiv, das wir antreffen:<\/p>\n\n\n\n<figure class=\"wp-block-image size-large\"><img loading=\"lazy\" decoding=\"async\" width=\"1024\" height=\"683\" src=\"https:\/\/oma-liese.com\/wp-content\/uploads\/2022\/04\/DSC03346.jpg\" alt=\"\" class=\"wp-image-12777\" srcset=\"https:\/\/oma-liese.com\/wp-content\/uploads\/2022\/04\/DSC03346.jpg 1024w, https:\/\/oma-liese.com\/wp-content\/uploads\/2022\/04\/DSC03346-300x200.jpg 300w, https:\/\/oma-liese.com\/wp-content\/uploads\/2022\/04\/DSC03346-768x512.jpg 768w\" sizes=\"auto, (max-width: 767px) 89vw, (max-width: 1000px) 54vw, (max-width: 1071px) 543px, 580px\" \/><figcaption>Fontana di Tritone auf der Piazza Barberini<\/figcaption><\/figure>\n\n\n\n<p>Ein paar Schritte durch die Gassen vorbei an etlichen Kirchen und schon stehen wir vor dem Palast des Pr\u00e4sidenten.<\/p>\n\n\n\n<figure class=\"wp-block-image size-large\"><img loading=\"lazy\" decoding=\"async\" width=\"1024\" height=\"683\" src=\"https:\/\/oma-liese.com\/wp-content\/uploads\/2022\/04\/DSC03349.jpg\" alt=\"\" class=\"wp-image-12780\" srcset=\"https:\/\/oma-liese.com\/wp-content\/uploads\/2022\/04\/DSC03349.jpg 1024w, https:\/\/oma-liese.com\/wp-content\/uploads\/2022\/04\/DSC03349-300x200.jpg 300w, https:\/\/oma-liese.com\/wp-content\/uploads\/2022\/04\/DSC03349-768x512.jpg 768w\" sizes=\"auto, (max-width: 767px) 89vw, (max-width: 1000px) 54vw, (max-width: 1071px) 543px, 580px\" \/><\/figure>\n\n\n\n<figure class=\"wp-block-image size-large\"><img loading=\"lazy\" decoding=\"async\" width=\"1024\" height=\"683\" src=\"https:\/\/oma-liese.com\/wp-content\/uploads\/2022\/04\/DSC03352.jpg\" alt=\"\" class=\"wp-image-12782\" srcset=\"https:\/\/oma-liese.com\/wp-content\/uploads\/2022\/04\/DSC03352.jpg 1024w, https:\/\/oma-liese.com\/wp-content\/uploads\/2022\/04\/DSC03352-300x200.jpg 300w, https:\/\/oma-liese.com\/wp-content\/uploads\/2022\/04\/DSC03352-768x512.jpg 768w\" sizes=\"auto, (max-width: 767px) 89vw, (max-width: 1000px) 54vw, (max-width: 1071px) 543px, 580px\" \/><\/figure>\n\n\n\n<p>Erbaut im Jahr 1574 von Papst Gregor XIII. , dem die Luft oben am Quirinal, dem h\u00f6chsten H\u00fcgel Roms mit 61 Metern H\u00f6he mehr zusagte als unten am Tiber. Bernini sorgte f\u00fcr eine dem Papst angenehme Optik des Platzes.<\/p>\n\n\n\n<figure class=\"wp-block-image size-large\"><img loading=\"lazy\" decoding=\"async\" width=\"1024\" height=\"683\" src=\"https:\/\/oma-liese.com\/wp-content\/uploads\/2022\/04\/DSC03355.jpg\" alt=\"\" class=\"wp-image-12783\" srcset=\"https:\/\/oma-liese.com\/wp-content\/uploads\/2022\/04\/DSC03355.jpg 1024w, https:\/\/oma-liese.com\/wp-content\/uploads\/2022\/04\/DSC03355-300x200.jpg 300w, https:\/\/oma-liese.com\/wp-content\/uploads\/2022\/04\/DSC03355-768x512.jpg 768w\" sizes=\"auto, (max-width: 767px) 89vw, (max-width: 1000px) 54vw, (max-width: 1071px) 543px, 580px\" \/><\/figure>\n\n\n\n<figure class=\"wp-block-image size-large\"><img loading=\"lazy\" decoding=\"async\" width=\"1024\" height=\"683\" src=\"https:\/\/oma-liese.com\/wp-content\/uploads\/2022\/04\/DSC03351.jpg\" alt=\"\" class=\"wp-image-12781\" srcset=\"https:\/\/oma-liese.com\/wp-content\/uploads\/2022\/04\/DSC03351.jpg 1024w, https:\/\/oma-liese.com\/wp-content\/uploads\/2022\/04\/DSC03351-300x200.jpg 300w, https:\/\/oma-liese.com\/wp-content\/uploads\/2022\/04\/DSC03351-768x512.jpg 768w\" sizes=\"auto, (max-width: 767px) 89vw, (max-width: 1000px) 54vw, (max-width: 1071px) 543px, 580px\" \/><\/figure>\n\n\n\n<p>Der Blick zum Petersdom war wohl auch nicht ganz nebens\u00e4chlich bei der Wahl des Grundst\u00fccks.<\/p>\n\n\n\n<figure class=\"wp-block-image size-large\"><img loading=\"lazy\" decoding=\"async\" width=\"1024\" height=\"683\" src=\"https:\/\/oma-liese.com\/wp-content\/uploads\/2022\/04\/DSC03356.jpg\" alt=\"\" class=\"wp-image-12784\" srcset=\"https:\/\/oma-liese.com\/wp-content\/uploads\/2022\/04\/DSC03356.jpg 1024w, https:\/\/oma-liese.com\/wp-content\/uploads\/2022\/04\/DSC03356-300x200.jpg 300w, https:\/\/oma-liese.com\/wp-content\/uploads\/2022\/04\/DSC03356-768x512.jpg 768w\" sizes=\"auto, (max-width: 767px) 89vw, (max-width: 1000px) 54vw, (max-width: 1071px) 543px, 580px\" \/><\/figure>\n\n\n\n<figure class=\"wp-block-image size-large\"><img loading=\"lazy\" decoding=\"async\" width=\"1024\" height=\"683\" src=\"https:\/\/oma-liese.com\/wp-content\/uploads\/2022\/04\/DSC03358.jpg\" alt=\"\" class=\"wp-image-12785\" srcset=\"https:\/\/oma-liese.com\/wp-content\/uploads\/2022\/04\/DSC03358.jpg 1024w, https:\/\/oma-liese.com\/wp-content\/uploads\/2022\/04\/DSC03358-300x200.jpg 300w, https:\/\/oma-liese.com\/wp-content\/uploads\/2022\/04\/DSC03358-768x512.jpg 768w\" sizes=\"auto, (max-width: 767px) 89vw, (max-width: 1000px) 54vw, (max-width: 1071px) 543px, 580px\" \/><\/figure>\n\n\n\n<p>Inzwischen sind wir unterwegs zum&#8230;<\/p>\n\n\n\n<figure class=\"wp-block-image size-large\"><img loading=\"lazy\" decoding=\"async\" width=\"1024\" height=\"683\" src=\"https:\/\/oma-liese.com\/wp-content\/uploads\/2022\/04\/DSC03359.jpg\" alt=\"\" class=\"wp-image-12786\" srcset=\"https:\/\/oma-liese.com\/wp-content\/uploads\/2022\/04\/DSC03359.jpg 1024w, https:\/\/oma-liese.com\/wp-content\/uploads\/2022\/04\/DSC03359-300x200.jpg 300w, https:\/\/oma-liese.com\/wp-content\/uploads\/2022\/04\/DSC03359-768x512.jpg 768w\" sizes=\"auto, (max-width: 767px) 89vw, (max-width: 1000px) 54vw, (max-width: 1071px) 543px, 580px\" \/><figcaption>Trevi Brunnen<\/figcaption><\/figure>\n\n\n\n<p>Wie erwartet viele Menschen, die genau wie Oma-Liese ihr Foto schie\u00dfen wollen.<\/p>\n\n\n\n<p>Mal sehen, ob es daf\u00fcr nicht noch ein besseres Pl\u00e4tzchen gibt&#8230;<\/p>\n\n\n\n<figure class=\"wp-block-image size-large\"><img loading=\"lazy\" decoding=\"async\" width=\"1024\" height=\"683\" src=\"https:\/\/oma-liese.com\/wp-content\/uploads\/2022\/04\/DSC03361.jpg\" alt=\"\" class=\"wp-image-12787\" srcset=\"https:\/\/oma-liese.com\/wp-content\/uploads\/2022\/04\/DSC03361.jpg 1024w, https:\/\/oma-liese.com\/wp-content\/uploads\/2022\/04\/DSC03361-300x200.jpg 300w, https:\/\/oma-liese.com\/wp-content\/uploads\/2022\/04\/DSC03361-768x512.jpg 768w\" sizes=\"auto, (max-width: 767px) 89vw, (max-width: 1000px) 54vw, (max-width: 1071px) 543px, 580px\" \/><\/figure>\n\n\n\n<p>Schon sind nicht mehr so viele st\u00f6rende K\u00f6pfe vor dem begehrten Motiv.<\/p>\n\n\n\n<p>Weiter zu Marc Aurel. In seine S\u00e4ule sind spiralf\u00f6rmig Alltagsszenen aus dem Soldatenleben eingemei\u00dfelt. Innen sind die Marmorbl\u00f6cke hohl und so kann die S\u00e4ule \u00fcber eine Treppe bestiegen werden (aber nicht vom touristischen Publikum). 180 n. Chr. wurde sie errichtet, im 16. Jhdt. wurde von Papst Sixtus V. der Apostel Paulus oben auf die milit\u00e4rische S\u00e4ule gestellt.<\/p>\n\n\n\n<figure class=\"wp-block-image size-large\"><img loading=\"lazy\" decoding=\"async\" width=\"1024\" height=\"683\" src=\"https:\/\/oma-liese.com\/wp-content\/uploads\/2022\/04\/DSC03371.jpg\" alt=\"\" class=\"wp-image-12789\" srcset=\"https:\/\/oma-liese.com\/wp-content\/uploads\/2022\/04\/DSC03371.jpg 1024w, https:\/\/oma-liese.com\/wp-content\/uploads\/2022\/04\/DSC03371-300x200.jpg 300w, https:\/\/oma-liese.com\/wp-content\/uploads\/2022\/04\/DSC03371-768x512.jpg 768w\" sizes=\"auto, (max-width: 767px) 89vw, (max-width: 1000px) 54vw, (max-width: 1071px) 543px, 580px\" \/><\/figure>\n\n\n\n<figure class=\"wp-block-image size-large\"><img loading=\"lazy\" decoding=\"async\" width=\"1024\" height=\"683\" src=\"https:\/\/oma-liese.com\/wp-content\/uploads\/2022\/04\/DSC03368.jpg\" alt=\"\" class=\"wp-image-12788\" srcset=\"https:\/\/oma-liese.com\/wp-content\/uploads\/2022\/04\/DSC03368.jpg 1024w, https:\/\/oma-liese.com\/wp-content\/uploads\/2022\/04\/DSC03368-300x200.jpg 300w, https:\/\/oma-liese.com\/wp-content\/uploads\/2022\/04\/DSC03368-768x512.jpg 768w\" sizes=\"auto, (max-width: 767px) 89vw, (max-width: 1000px) 54vw, (max-width: 1071px) 543px, 580px\" \/><\/figure>\n\n\n\n<figure class=\"wp-block-image size-large\"><img loading=\"lazy\" decoding=\"async\" width=\"1024\" height=\"683\" src=\"https:\/\/oma-liese.com\/wp-content\/uploads\/2022\/04\/DSC03372.jpg\" alt=\"\" class=\"wp-image-12790\" srcset=\"https:\/\/oma-liese.com\/wp-content\/uploads\/2022\/04\/DSC03372.jpg 1024w, https:\/\/oma-liese.com\/wp-content\/uploads\/2022\/04\/DSC03372-300x200.jpg 300w, https:\/\/oma-liese.com\/wp-content\/uploads\/2022\/04\/DSC03372-768x512.jpg 768w\" sizes=\"auto, (max-width: 767px) 89vw, (max-width: 1000px) 54vw, (max-width: 1071px) 543px, 580px\" \/><\/figure>\n\n\n\n<p>Wenige Piazzas weiter steht schon wieder eine S\u00e4ule. Den Namen finden wir nicht heraus, vermutlich handelt es sich um eine Mariens\u00e4ule.<\/p>\n\n\n\n<figure class=\"wp-block-image size-large\"><img loading=\"lazy\" decoding=\"async\" width=\"1024\" height=\"683\" src=\"https:\/\/oma-liese.com\/wp-content\/uploads\/2022\/04\/DSC03373.jpg\" alt=\"\" class=\"wp-image-12791\" srcset=\"https:\/\/oma-liese.com\/wp-content\/uploads\/2022\/04\/DSC03373.jpg 1024w, https:\/\/oma-liese.com\/wp-content\/uploads\/2022\/04\/DSC03373-300x200.jpg 300w, https:\/\/oma-liese.com\/wp-content\/uploads\/2022\/04\/DSC03373-768x512.jpg 768w\" sizes=\"auto, (max-width: 767px) 89vw, (max-width: 1000px) 54vw, (max-width: 1071px) 543px, 580px\" \/><\/figure>\n\n\n\n<p>Ein Ziel haben wir heute noch:<\/p>\n\n\n\n<figure class=\"wp-block-image size-large\"><img loading=\"lazy\" decoding=\"async\" width=\"1024\" height=\"683\" src=\"https:\/\/oma-liese.com\/wp-content\/uploads\/2022\/04\/DSC03383.jpg\" alt=\"\" class=\"wp-image-12792\" srcset=\"https:\/\/oma-liese.com\/wp-content\/uploads\/2022\/04\/DSC03383.jpg 1024w, https:\/\/oma-liese.com\/wp-content\/uploads\/2022\/04\/DSC03383-300x200.jpg 300w, https:\/\/oma-liese.com\/wp-content\/uploads\/2022\/04\/DSC03383-768x512.jpg 768w\" sizes=\"auto, (max-width: 767px) 89vw, (max-width: 1000px) 54vw, (max-width: 1071px) 543px, 580px\" \/><\/figure>\n\n\n\n<p>Wer findet die Oma-Liese auf der Spanischen Treppe?<\/p>\n<div class=\"pvc_clear\"><\/div><p id=\"pvc_stats_12793\" class=\"pvc_stats total_only  \" data-element-id=\"12793\" style=\"\"><i class=\"pvc-stats-icon medium\" aria-hidden=\"true\"><svg aria-hidden=\"true\" focusable=\"false\" data-prefix=\"far\" data-icon=\"chart-bar\" role=\"img\" xmlns=\"http:\/\/www.w3.org\/2000\/svg\" viewBox=\"0 0 512 512\" class=\"svg-inline--fa fa-chart-bar fa-w-16 fa-2x\"><path fill=\"currentColor\" d=\"M396.8 352h22.4c6.4 0 12.8-6.4 12.8-12.8V108.8c0-6.4-6.4-12.8-12.8-12.8h-22.4c-6.4 0-12.8 6.4-12.8 12.8v230.4c0 6.4 6.4 12.8 12.8 12.8zm-192 0h22.4c6.4 0 12.8-6.4 12.8-12.8V140.8c0-6.4-6.4-12.8-12.8-12.8h-22.4c-6.4 0-12.8 6.4-12.8 12.8v198.4c0 6.4 6.4 12.8 12.8 12.8zm96 0h22.4c6.4 0 12.8-6.4 12.8-12.8V204.8c0-6.4-6.4-12.8-12.8-12.8h-22.4c-6.4 0-12.8 6.4-12.8 12.8v134.4c0 6.4 6.4 12.8 12.8 12.8zM496 400H48V80c0-8.84-7.16-16-16-16H16C7.16 64 0 71.16 0 80v336c0 17.67 14.33 32 32 32h464c8.84 0 16-7.16 16-16v-16c0-8.84-7.16-16-16-16zm-387.2-48h22.4c6.4 0 12.8-6.4 12.8-12.8v-70.4c0-6.4-6.4-12.8-12.8-12.8h-22.4c-6.4 0-12.8 6.4-12.8 12.8v70.4c0 6.4 6.4 12.8 12.8 12.8z\" class=\"\"><\/path><\/svg><\/i> <img loading=\"lazy\" decoding=\"async\" width=\"16\" height=\"16\" alt=\"Loading\" src=\"https:\/\/oma-liese.com\/wp-content\/plugins\/page-views-count\/ajax-loader-2x.gif\" border=0 \/><\/p><div class=\"pvc_clear\"><\/div>","protected":false},"excerpt":{"rendered":"<p>Jede Menge Platz hat unser Womo auf seinem Stellplatz in Rom. Ein eigener Baum macht es m\u00f6glich, uns vollsonnig oder schattig zum Fr\u00fchst\u00fcck niederlassen zu k\u00f6nnen. In Ercolano h\u00e4tten sicher drei Womos Platz auf dieser Parzelle gefunden. Ein kleiner gr\u00fcner Schreihals hat die Begr\u00fc\u00dfung \u00fcbernommen. Mal sehen, ob ich ihn vielleicht morgen ablichten kann. Nach &hellip; <\/p>\n<p class=\"link-more\"><a href=\"https:\/\/oma-liese.com\/?p=12793\" class=\"more-link\"><span class=\"screen-reader-text\">\u201eRoma\u201c <\/span>weiterlesen<\/a><\/p>\n<div class=\"pvc_clear\"><\/div>\n<p id=\"pvc_stats_12793\" class=\"pvc_stats total_only  \" data-element-id=\"12793\" style=\"\"><i class=\"pvc-stats-icon medium\" aria-hidden=\"true\"><svg aria-hidden=\"true\" focusable=\"false\" data-prefix=\"far\" data-icon=\"chart-bar\" role=\"img\" xmlns=\"http:\/\/www.w3.org\/2000\/svg\" viewBox=\"0 0 512 512\" class=\"svg-inline--fa fa-chart-bar fa-w-16 fa-2x\"><path fill=\"currentColor\" d=\"M396.8 352h22.4c6.4 0 12.8-6.4 12.8-12.8V108.8c0-6.4-6.4-12.8-12.8-12.8h-22.4c-6.4 0-12.8 6.4-12.8 12.8v230.4c0 6.4 6.4 12.8 12.8 12.8zm-192 0h22.4c6.4 0 12.8-6.4 12.8-12.8V140.8c0-6.4-6.4-12.8-12.8-12.8h-22.4c-6.4 0-12.8 6.4-12.8 12.8v198.4c0 6.4 6.4 12.8 12.8 12.8zm96 0h22.4c6.4 0 12.8-6.4 12.8-12.8V204.8c0-6.4-6.4-12.8-12.8-12.8h-22.4c-6.4 0-12.8 6.4-12.8 12.8v134.4c0 6.4 6.4 12.8 12.8 12.8zM496 400H48V80c0-8.84-7.16-16-16-16H16C7.16 64 0 71.16 0 80v336c0 17.67 14.33 32 32 32h464c8.84 0 16-7.16 16-16v-16c0-8.84-7.16-16-16-16zm-387.2-48h22.4c6.4 0 12.8-6.4 12.8-12.8v-70.4c0-6.4-6.4-12.8-12.8-12.8h-22.4c-6.4 0-12.8 6.4-12.8 12.8v70.4c0 6.4 6.4 12.8 12.8 12.8z\" class=\"\"><\/path><\/svg><\/i> <img loading=\"lazy\" decoding=\"async\" width=\"16\" height=\"16\" alt=\"Loading\" src=\"https:\/\/oma-liese.com\/wp-content\/plugins\/page-views-count\/ajax-loader-2x.gif\" border=0 \/><\/p>\n<div class=\"pvc_clear\"><\/div>\n","protected":false},"author":1,"featured_media":0,"comment_status":"closed","ping_status":"open","sticky":false,"template":"","format":"standard","meta":{"footnotes":""},"categories":[31],"tags":[],"class_list":["post-12793","post","type-post","status-publish","format-standard","hentry","category-italien"],"a3_pvc":{"activated":true,"total_views":114,"today_views":0},"_links":{"self":[{"href":"https:\/\/oma-liese.com\/index.php?rest_route=\/wp\/v2\/posts\/12793","targetHints":{"allow":["GET"]}}],"collection":[{"href":"https:\/\/oma-liese.com\/index.php?rest_route=\/wp\/v2\/posts"}],"about":[{"href":"https:\/\/oma-liese.com\/index.php?rest_route=\/wp\/v2\/types\/post"}],"author":[{"embeddable":true,"href":"https:\/\/oma-liese.com\/index.php?rest_route=\/wp\/v2\/users\/1"}],"replies":[{"embeddable":true,"href":"https:\/\/oma-liese.com\/index.php?rest_route=%2Fwp%2Fv2%2Fcomments&post=12793"}],"version-history":[{"count":3,"href":"https:\/\/oma-liese.com\/index.php?rest_route=\/wp\/v2\/posts\/12793\/revisions"}],"predecessor-version":[{"id":13636,"href":"https:\/\/oma-liese.com\/index.php?rest_route=\/wp\/v2\/posts\/12793\/revisions\/13636"}],"wp:attachment":[{"href":"https:\/\/oma-liese.com\/index.php?rest_route=%2Fwp%2Fv2%2Fmedia&parent=12793"}],"wp:term":[{"taxonomy":"category","embeddable":true,"href":"https:\/\/oma-liese.com\/index.php?rest_route=%2Fwp%2Fv2%2Fcategories&post=12793"},{"taxonomy":"post_tag","embeddable":true,"href":"https:\/\/oma-liese.com\/index.php?rest_route=%2Fwp%2Fv2%2Ftags&post=12793"}],"curies":[{"name":"wp","href":"https:\/\/api.w.org\/{rel}","templated":true}]}}